[{"@context":"https:\/\/schema.org\/","@type":"Article","@id":"https:\/\/www.antiba.cz\/s-nosicem-kol-na-taznem-zarizeni-je-preprava-bicyklu-hracka\/#Article","mainEntityOfPage":"https:\/\/www.antiba.cz\/s-nosicem-kol-na-taznem-zarizeni-je-preprava-bicyklu-hracka\/","headline":"S nosi\u010dem kol na ta\u017en\u00e9m za\u0159\u00edzen\u00ed je p\u0159eprava bicykl\u016f hra\u010dka","name":"S nosi\u010dem kol na ta\u017en\u00e9m za\u0159\u00edzen\u00ed je p\u0159eprava bicykl\u016f hra\u010dka","description":"Ka\u017ed\u00fd, kdo r\u00e1d jezd\u00ed na kole, jist\u011b velice ocen\u00ed praktick\u00fd nosi\u010d kol na ta\u017en\u00e9 za\u0159\u00edzen\u00ed, nebo\u0165 m\u00e1 mnoho p\u0159ednost\u00ed, kter\u00e9 v\u00e1m zlep\u0161\u00ed \u017eivot. To prvn\u00ed &hellip; ","datePublished":"2019-02-08","dateModified":"2023-05-07","author":{"@type":"Person","@id":"https:\/\/www.antiba.cz\/author\/#Person","name":"","url":"https:\/\/www.antiba.cz\/author\/","identifier":1,"image":{"@type":"ImageObject","@id":"https:\/\/secure.gravatar.com\/avatar\/d7705a23c50ede72936119380238a88bdeb91030521f9262dc3abc6fdd8add33?s=96&d=mm&r=g","url":"https:\/\/secure.gravatar.com\/avatar\/d7705a23c50ede72936119380238a88bdeb91030521f9262dc3abc6fdd8add33?s=96&d=mm&r=g","height":96,"width":96}},"publisher":{"@type":"Organization","name":"antiba.cz","logo":{"@type":"ImageObject","@id":"\/logo.png","url":"\/logo.png","width":600,"height":60}},"image":{"@type":"ImageObject","@id":"https:\/\/www.antiba.cz\/wp-content\/uploads\/img_a338413_w1698_t1551178504.jpg","url":"https:\/\/www.antiba.cz\/wp-content\/uploads\/img_a338413_w1698_t1551178504.jpg","height":0,"width":0},"url":"https:\/\/www.antiba.cz\/s-nosicem-kol-na-taznem-zarizeni-je-preprava-bicyklu-hracka\/","about":["\u017deny"],"wordCount":420,"articleBody":"       Ka\u017ed\u00fd, kdo r\u00e1d jezd\u00ed na kole, jist\u011b velice ocen\u00ed praktick\u00fd nosi\u010d kol na ta\u017en\u00e9 za\u0159\u00edzen\u00ed, nebo\u0165 m\u00e1 mnoho p\u0159ednost\u00ed, kter\u00e9 v\u00e1m zlep\u0161\u00ed \u017eivot. To prvn\u00ed a nejd\u016fle\u017eit\u011bj\u0161\u00ed ze v\u0161eho je, \u017ee d\u00edky tomuto nosi\u010di kol budete m\u00edt sv\u00e9 bicykly v\u017edy v\u0161ude po ruce, a\u0165 u\u017e se pod\u011bjete kamkoli. To jist\u011b pot\u011b\u0161\u00ed jak v\u0161echny n\u00e1ru\u017eiv\u00e9 cyklisty, tak i v\u0161echny ostatn\u00ed lidi, kte\u0159\u00ed na kole r\u00e1di tr\u00e1v\u00ed sv\u016fj voln\u00fd \u010das. U\u017e nikdy se nebudete muset obej\u00edt bez sv\u00e9ho bicyklu, a\u0165 u\u017e vyraz\u00edte na cesty bl\u00edzk\u00e9 i vzd\u00e1len\u00e9, proto\u017ee kdykoli budete p\u0159ekon\u00e1vat dlouhou vzd\u00e1lenost automobilem, sv\u00e9 kolo m\u016f\u017eete vz\u00edt pohodln\u011b s sebou. A to i v p\u0159\u00edpad\u011b, kdy budete m\u00edt automobil od podlahy a\u017e po p\u016fdu nacpan\u00fd r\u016fzn\u00fdmi zavazadly. Bicykly um\u00edst\u011bn\u00e9 v nosi\u010di kol budete m\u00edt v\u017edy po ruce. A to bez zbyte\u010dn\u00e9 n\u00e1mahy, proto\u017ee na rozd\u00edl od um\u00edst\u011bn\u00ed na st\u0159e\u0161e jsou kola na ta\u017en\u00e9m za\u0159\u00edzen\u00ed v\u017edy po ruce a manipulace s nimi je tak\u00e9 maxim\u00e1ln\u011b snadn\u00e1. A to nejen pro mlad\u00e9 lidi, ale tak\u00e9 pro seniory, kter\u00fdm u\u017e zdrav\u00ed neslou\u017e\u00ed tak dob\u0159e jako d\u0159\u00edv. Je toti\u017e velk\u00fd rozd\u00edl mezi t\u00edm, zda sv\u016fj bicykl zved\u00e1te do v\u00fd\u0161e kolen anebo a\u017e nad hlavu. Nav\u00edc, um\u00edst\u011bn\u00ed bicykl\u016f za va\u0161\u00edm vozem je tak\u00e9 naprosto bezpe\u010dn\u00e9 a neohro\u017euje v\u00e1s p\u0159i pohybu na silnici. Naproti tomu, kdy\u017e um\u00edst\u00edte bicykly na st\u0159echu sv\u00e9ho automobilu, m\u011bli byste neust\u00e1le myslet na to, \u017ee v\u00fd\u0161ka va\u0161eho vozidla p\u0159ekra\u010duje b\u011b\u017en\u00e9 parametry, a proto se m\u016f\u017ee snadno st\u00e1t, \u017ee na n\u011bkter\u00fdch m\u00edstech neprojedete. A\u0165 u\u017e jde o podjezdy, tunely anebo t\u0159eba koruny vzrostl\u00fdch strom\u016f. Nicm\u00e9n\u011b pokud zvednete v\u00fd\u0161ku sv\u00e9ho vozidla jednou anebo dvakr\u00e1t za sez\u00f3nu, snadno zapomenete na to, \u017ee tam, kde b\u011b\u017en\u011b jezd\u00edte, nyn\u00ed mo\u017en\u00e1 neprojedete \u2013 a sta\u010d\u00ed mal\u00e9 opomenut\u00ed a ne\u0161t\u011bst\u00ed je na sv\u011bt\u011b. Proto chcete-li p\u0159epravovat sv\u00e1 kola s sebou, a to rychle, bezpe\u010dn\u011b a spolehliv\u011b, a tak\u00e9 bez v\u011bt\u0161\u00ed n\u00e1mahy, vsa\u010fte na \u0161ikovn\u00fd nosi\u010d kol na ta\u017en\u00e9m za\u0159\u00edzen\u00ed.                                                                                                                                                                                                                                                                                                                                                                                          4.5\/5 - (6 votes)        "},{"@context":"https:\/\/schema.org\/","@type":"BreadcrumbList","itemListElement":[{"@type":"ListItem","position":1,"name":"S nosi\u010dem kol na ta\u017en\u00e9m za\u0159\u00edzen\u00ed je p\u0159eprava bicykl\u016f hra\u010dka","item":"https:\/\/www.antiba.cz\/s-nosicem-kol-na-taznem-zarizeni-je-preprava-bicyklu-hracka\/#breadcrumbitem"}]}]